{"id":832,"date":"2023-03-21T21:29:00","date_gmt":"2023-03-21T21:29:00","guid":{"rendered":"http:\/\/blocs.xarxanet.org\/afabss\/?p=832"},"modified":"2023-03-21T21:29:00","modified_gmt":"2023-03-21T21:29:00","slug":"conferencia-recursos-legals-en-la-malaltia-dalzheimer","status":"publish","type":"post","link":"https:\/\/blocs.xarxanet.org\/afabss\/2023\/03\/21\/conferencia-recursos-legals-en-la-malaltia-dalzheimer\/","title":{"rendered":"Confer\u00e8ncia: Recursos legals en la malaltia d\u2019Alzheimer."},"content":{"rendered":"<p style=\"text-align: left\">Us volem informar que el proper dijous, dia 30 de mar\u00e7, a les 19h. tindr\u00e0 lloc la confer\u00e8ncia RECURSOS LEGALS EN LA MALALTIA D\u2019ALZHEIMER, a c\u00e0rrec de l\u2019advocada Anna Rovira d\u2019 Alzheimer Catalunya Fundaci\u00f3.<\/p>\n<p>Us esperem a la nostra seu.<\/p>\n<p>C\/ Arn\u00fas, 66 1r 08911 Badalona<\/p>\n<p><del>[gview file=&#8221;http:\/\/blocs.xarxanet.org\/afabss\/files\/2023\/03\/Confer\u00e8ncia-30-03-23.pdf&#8221;]<\/del><\/p>\n<p>&nbsp;<\/p>\n","protected":false},"excerpt":{"rendered":"<p>Us volem informar que el proper dijous, dia 30 de mar\u00e7, a les 19h. tindr\u00e0 lloc la confer\u00e8ncia RECURSOS LEGALS EN LA MALALTIA D\u2019ALZHEIMER, a c\u00e0rrec de l\u2019advocada Anna Rovira d\u2019 Alzheimer Catalunya Fundaci\u00f3. Us esperem a la nostra seu. C\/ Arn\u00fas, 66 1r 08911 Badalona [gview file=&#8221;http:\/\/blocs.xarxanet.org\/afabss\/files\/2023\/03\/Confer\u00e8ncia-30-03-23.pdf&#8221;] &nbsp;<\/p>\n","protected":false},"author":160,"featured_media":0,"comment_status":"open","ping_status":"open","sticky":false,"template":"","format":"standard","meta":{"footnotes":""},"categories":[195],"tags":[],"class_list":["post-832","post","type-post","status-publish","format-standard","hentry","category-participacio"],"_links":{"self":[{"href":"https:\/\/blocs.xarxanet.org\/afabss\/wp-json\/wp\/v2\/posts\/832","targetHints":{"allow":["GET"]}}],"collection":[{"href":"https:\/\/blocs.xarxanet.org\/afabss\/wp-json\/wp\/v2\/posts"}],"about":[{"href":"https:\/\/blocs.xarxanet.org\/afabss\/wp-json\/wp\/v2\/types\/post"}],"author":[{"embeddable":true,"href":"https:\/\/blocs.xarxanet.org\/afabss\/wp-json\/wp\/v2\/users\/160"}],"replies":[{"embeddable":true,"href":"https:\/\/blocs.xarxanet.org\/afabss\/wp-json\/wp\/v2\/comments?post=832"}],"version-history":[{"count":2,"href":"https:\/\/blocs.xarxanet.org\/afabss\/wp-json\/wp\/v2\/posts\/832\/revisions"}],"predecessor-version":[{"id":835,"href":"https:\/\/blocs.xarxanet.org\/afabss\/wp-json\/wp\/v2\/posts\/832\/revisions\/835"}],"wp:attachment":[{"href":"https:\/\/blocs.xarxanet.org\/afabss\/wp-json\/wp\/v2\/media?parent=832"}],"wp:term":[{"taxonomy":"category","embeddable":true,"href":"https:\/\/blocs.xarxanet.org\/afabss\/wp-json\/wp\/v2\/categories?post=832"},{"taxonomy":"post_tag","embeddable":true,"href":"https:\/\/blocs.xarxanet.org\/afabss\/wp-json\/wp\/v2\/tags?post=832"}],"curies":[{"name":"wp","href":"https:\/\/api.w.org\/{rel}","templated":true}]}}